{"id":15735,"date":"2026-09-03T13:04:55","date_gmt":"2026-09-03T11:04:55","guid":{"rendered":"https:\/\/www.hogo.cc\/?p=15735"},"modified":"2026-09-03T13:05:01","modified_gmt":"2026-09-03T11:05:01","slug":"mobildaru-kezelo-2326-lanzendorf","status":"publish","type":"post","link":"https:\/\/www.hogo.cc\/hu\/job\/2026-09\/mobilkranfahrerin-2326-lanzendorf","title":{"rendered":"Mobildaru-kezel\u0151 | 2326 Lanzendorf"},"content":{"rendered":"<div data-elementor-type=\"wp-post\" data-elementor-id=\"15735\" class=\"elementor elementor-15735\" data-elementor-post-type=\"post\">\n\t\t\t\t<div class=\"elementor-element elementor-element-3ae963a e-flex e-con-boxed e-con e-parent\" data-id=\"3ae963a\" data-element_type=\"container\" data-e-type=\"container\">\n\t\t\t\t\t<div class=\"e-con-inner\">\n\t\t\t\t<div class=\"elementor-element elementor-element-28939b1 elementor-widget elementor-widget-text-editor\" data-id=\"28939b1\" data-element_type=\"widget\" data-e-type=\"widget\" data-widget_type=\"text-editor.default\">\n\t\t\t\t\t\t\t\t\t<p data-start=\"0\" data-end=\"42\"><strong>Mobildaru-kezel\u0151 | 2326 Lanzendorf<\/strong><\/p><p>Egy neves \u00e9p\u00edt\u0151ipari v\u00e1llalat sz\u00e1m\u00e1ra\u00a0<strong data-start=\"90\" data-end=\"105\">2326 Lanzendorf<\/strong>\u00a0keres\u00fcnk egy elk\u00f6telezett \u00e9s megb\u00edzhat\u00f3 szem\u00e9lyt mint\u00a0<strong data-start=\"169\" data-end=\"200\">Mobildaru-kezel\u0151<\/strong>.<\/p><p><strong>Az \u00d6n feladatai<\/strong><\/p><ul><li>C\u00e9ges mobil daruk (650 tonn\u00e1ig) \u00f6n\u00e1ll\u00f3 vezet\u00e9se \u00e9s kezel\u00e9se \u00e9p\u00edtkez\u00e9seken<\/li><li>Egynapos t\u00far\u00e1k f\u0151k\u00e9nt Als\u00f3-Ausztri\u00e1ban \u00e9s Kelet-Ausztri\u00e1ban<\/li><li>A daru biztons\u00e1gos fel- \u00e9s leszerel\u00e9se a munkav\u00e9gz\u00e9s helysz\u00edn\u00e9n<\/li><li>Terhek szakszer\u0171 emel\u00e9se \u00e9s \u00e1thelyez\u00e9se az \u00f6sszes biztons\u00e1gi el\u0151\u00edr\u00e1s betart\u00e1s\u00e1val<\/li><li>A bevet\u00e9sek dokument\u00e1l\u00e1sa sz\u00e1ll\u00edt\u00f3levelek \u00fatj\u00e1n<\/li><\/ul><p>\u00a0<\/p><p><strong>Az \u00d6n profilja<\/strong><\/p><ul><li data-start=\"693\" data-end=\"740\" data-section-id=\"pbb4ws\">Ide\u00e1lis esetben darus vagy aut\u00f3darus munkatapasztalat\u00a0<\/li><li data-start=\"741\" data-end=\"781\" data-section-id=\"1u1ncl4\">\u00c9rv\u00e9nyes darukezel\u0151i enged\u00e9ly sz\u00fcks\u00e9ges<\/li><li data-start=\"741\" data-end=\"781\" data-section-id=\"1u1ncl4\">\u00c9rv\u00e9nyes CE kateg\u00f3ri\u00e1s vezet\u0151i enged\u00e9ly, bele\u00e9rtve a C95-\u00f6sov\u00e1ltov\u00e1bbk\u00e9pz\u00e9st is<\/li><li data-start=\"838\" data-end=\"883\" data-section-id=\"t68q8t\">K\u00e9szs\u00e9g a seg\u00edts\u00e9gny\u00fajt\u00e1sra az \u00e9p\u00edtkez\u00e9sen<\/li><li data-start=\"884\" data-end=\"949\" data-section-id=\"19u1jao\">M\u0171szaki ismeretek \u00e9s felel\u0151ss\u00e9gteljes munkam\u00f3dszer<\/li><li data-start=\"950\" data-end=\"985\" data-section-id=\"18vejja\">Megb\u00edzhat\u00f3s\u00e1g \u00e9s csapatmunk\u00e1ra val\u00f3 k\u00e9pess\u00e9g<\/li><li>N\u00e9met nyelv a bels\u0151 kommunik\u00e1ci\u00f3ban\u00a0\u00a0<\/li><li>B jogos\u00edtv\u00e1ny saj\u00e1t aut\u00f3val<\/li><\/ul><p>\u00a0<\/p><p><strong>Az \u00d6n el\u0151nyei<\/strong><\/p><ul><li data-start=\"1111\" data-end=\"1171\">Foglalkoztat\u00e1s stabil munkak\u00f6rnyezetben<\/li><li data-start=\"1174\" data-end=\"1230\">Kellemes l\u00e9gk\u00f6r \u00e9s seg\u00edt\u0151k\u00e9sz egy\u00fcttm\u0171k\u00f6d\u00e9s<\/li><\/ul><p>\u00a0<\/p><p><strong>Az \u00d6n fizet\u00e9se<\/strong>A kollekt\u00edv szerz\u0151d\u00e9s szerinti brutt\u00f3 b\u00e9r\u00a0<strong>15,62 eur\u00f3 \u00f3r\u00e1nk\u00e9nt<\/strong>. K\u00e9pzetts\u00e9gt\u0151l \u00e9s tapasztalatt\u00f3l f\u00fcgg\u0151en egy\u00a0<strong>Term\u00e9szetesen t\u00falfizet\u00e9s lehets\u00e9ges<\/strong>.<\/p><p><strong>K\u00e9szen \u00e1ll egy \u00faj szakmai kih\u00edv\u00e1sra?<\/strong><br \/>Akkor jelentkezz most, \u00e9s legy\u00e9l egy sikeres csapat tagja!<\/p><p><strong>Jelentkezz most a HOGO-n\u00e1l!<\/strong><\/p><p>ID: RG<\/p>\t\t\t\t\t\t\t\t<\/div>\n\t\t\t\t\t<\/div>\n\t\t\t\t<\/div>\n\t\t\t\t<\/div>","protected":false},"excerpt":{"rendered":"<p>Mobilkranfahrer:in | 2326 Lanzendorf F\u00fcr einen renommierten Baubetrieb in\u00a02326 Lanzendorf\u00a0suchen wir eine engagierte und zuverl\u00e4ssige Pers\u00f6nlichkeit als\u00a0Mobilkranfahrer:in. Deine Aufgaben Selbstst\u00e4ndiges F\u00fchren und Bedienen von firmeneigenen Mobilkr\u00e4nen bis zu 650 Tonnen auf Baustellen Tagestouren haupts\u00e4chlich in Nieder\u00f6sterreich bis Ost\u00f6sterreich Sicheres auf- und abbauen des Krans am Einsatzort Fachgerechtes Anheben und Versetzen von Lasten unter Einhaltung aller [&hellip;]<\/p>\n","protected":false},"author":1,"featured_media":8168,"comment_status":"closed","ping_status":"closed","sticky":false,"template":"","format":"standard","meta":{"footnotes":""},"categories":[4],"tags":[],"country":[22],"state":[23],"profession_field":[35],"employment_type":[37],"contact_person":[73],"class_list":["post-15735","post","type-post","status-publish","format-standard","has-post-thumbnail","hentry","category-job","country-at","state-niederosterreich","profession_field-transport","employment_type-vollzeit","contact_person-jasmina-gaupmann"],"yoast_head":"<!-- This site is optimized with the Yoast SEO Premium plugin v28.3 (Yoast SEO v28.3) - https:\/\/yoast.com\/product\/yoast-seo-premium-wordpress\/ -->\n<title>Mobilkranfahrer:in | 2326 Lanzendorf | HOGO Jobs<\/title>\n<meta name=\"robots\" content=\"index, follow, max-snippet:-1, max-image-preview:large, max-video-preview:-1\" \/>\n<link rel=\"canonical\" href=\"https:\/\/www.hogo.cc\/hu\/munka\/2026-09\/mobildaru-kezelo-2326-lanzendorf\/\" \/>\n<meta property=\"og:locale\" content=\"hu_HU\" \/>\n<meta property=\"og:type\" content=\"article\" \/>\n<meta property=\"og:title\" content=\"Mobilkranfahrer:in | 2326 Lanzendorf\" \/>\n<meta property=\"og:description\" content=\"Mobilkranfahrer:in | 2326 Lanzendorf F\u00fcr einen renommierten Baubetrieb in\u00a02326 Lanzendorf\u00a0suchen wir eine engagierte und zuverl\u00e4ssige Pers\u00f6nlichkeit als\u00a0Mobilkranfahrer:in. Deine Aufgaben Selbstst\u00e4ndiges F\u00fchren und Bedienen von firmeneigenen Mobilkr\u00e4nen bis zu 650 Tonnen auf Baustellen Tagestouren haupts\u00e4chlich in Nieder\u00f6sterreich bis Ost\u00f6sterreich Sicheres auf- und abbauen des Krans am Einsatzort Fachgerechtes Anheben und Versetzen von Lasten unter Einhaltung aller [&hellip;]\" \/>\n<meta property=\"og:url\" content=\"https:\/\/www.hogo.cc\/hu\/munka\/2026-09\/mobildaru-kezelo-2326-lanzendorf\/\" \/>\n<meta property=\"og:site_name\" content=\"HOGO Jobs\" \/>\n<meta property=\"article:publisher\" content=\"https:\/\/www.facebook.com\/hogogruppe\" \/>\n<meta property=\"article:published_time\" content=\"2026-09-03T11:04:55+00:00\" \/>\n<meta property=\"article:modified_time\" content=\"2026-09-03T11:05:01+00:00\" \/>\n<meta property=\"og:image\" content=\"http:\/\/www.hogo.cc\/wp-content\/uploads\/2025\/07\/HP_Kranfahrer.jpeg\" \/>\n\t<meta property=\"og:image:width\" content=\"1100\" \/>\n\t<meta property=\"og:image:height\" content=\"830\" \/>\n\t<meta property=\"og:image:type\" content=\"image\/jpeg\" \/>\n<meta name=\"author\" content=\"admin\" \/>\n<meta name=\"twitter:card\" content=\"summary_large_image\" \/>\n<meta name=\"twitter:label1\" content=\"Szerz\u0151:\" \/>\n\t<meta name=\"twitter:data1\" content=\"admin\" \/>\n\t<meta name=\"twitter:label2\" content=\"Becs\u00fclt olvas\u00e1si id\u0151\" \/>\n\t<meta name=\"twitter:data2\" content=\"2 perc\" \/>\n<script type=\"application\/ld+json\" class=\"yoast-schema-graph\">{\"@context\":\"https:\\\/\\\/schema.org\",\"@graph\":[{\"@type\":\"Article\",\"@id\":\"https:\\\/\\\/www.hogo.cc\\\/job\\\/2026-09\\\/mobilkranfahrerin-2326-lanzendorf#article\",\"isPartOf\":{\"@id\":\"https:\\\/\\\/www.hogo.cc\\\/job\\\/2026-09\\\/mobilkranfahrerin-2326-lanzendorf\"},\"author\":{\"name\":\"admin\",\"@id\":\"https:\\\/\\\/www.hogo.cc\\\/#\\\/schema\\\/person\\\/e61f90d7adf8d313535b94c144b3b651\"},\"headline\":\"Mobilkranfahrer:in | 2326 Lanzendorf\",\"datePublished\":\"2026-09-03T11:04:55+00:00\",\"dateModified\":\"2026-09-03T11:05:01+00:00\",\"mainEntityOfPage\":{\"@id\":\"https:\\\/\\\/www.hogo.cc\\\/job\\\/2026-09\\\/mobilkranfahrerin-2326-lanzendorf\"},\"wordCount\":186,\"publisher\":{\"@id\":\"https:\\\/\\\/www.hogo.cc\\\/#organization\"},\"image\":{\"@id\":\"https:\\\/\\\/www.hogo.cc\\\/job\\\/2026-09\\\/mobilkranfahrerin-2326-lanzendorf#primaryimage\"},\"thumbnailUrl\":\"https:\\\/\\\/www.hogo.cc\\\/wp-content\\\/uploads\\\/2025\\\/07\\\/HP_Kranfahrer.jpeg\",\"articleSection\":[\"Job\"],\"inLanguage\":\"hu\"},{\"@type\":\"WebPage\",\"@id\":\"https:\\\/\\\/www.hogo.cc\\\/job\\\/2026-09\\\/mobilkranfahrerin-2326-lanzendorf\",\"url\":\"https:\\\/\\\/www.hogo.cc\\\/job\\\/2026-09\\\/mobilkranfahrerin-2326-lanzendorf\",\"name\":\"Mobilkranfahrer:in | 2326 Lanzendorf | HOGO Jobs\",\"isPartOf\":{\"@id\":\"https:\\\/\\\/www.hogo.cc\\\/#website\"},\"primaryImageOfPage\":{\"@id\":\"https:\\\/\\\/www.hogo.cc\\\/job\\\/2026-09\\\/mobilkranfahrerin-2326-lanzendorf#primaryimage\"},\"image\":{\"@id\":\"https:\\\/\\\/www.hogo.cc\\\/job\\\/2026-09\\\/mobilkranfahrerin-2326-lanzendorf#primaryimage\"},\"thumbnailUrl\":\"https:\\\/\\\/www.hogo.cc\\\/wp-content\\\/uploads\\\/2025\\\/07\\\/HP_Kranfahrer.jpeg\",\"datePublished\":\"2026-09-03T11:04:55+00:00\",\"dateModified\":\"2026-09-03T11:05:01+00:00\",\"breadcrumb\":{\"@id\":\"https:\\\/\\\/www.hogo.cc\\\/job\\\/2026-09\\\/mobilkranfahrerin-2326-lanzendorf#breadcrumb\"},\"inLanguage\":\"hu\",\"potentialAction\":[{\"@type\":\"ReadAction\",\"target\":[\"https:\\\/\\\/www.hogo.cc\\\/job\\\/2026-09\\\/mobilkranfahrerin-2326-lanzendorf\"]}]},{\"@type\":\"ImageObject\",\"inLanguage\":\"hu\",\"@id\":\"https:\\\/\\\/www.hogo.cc\\\/job\\\/2026-09\\\/mobilkranfahrerin-2326-lanzendorf#primaryimage\",\"url\":\"https:\\\/\\\/www.hogo.cc\\\/wp-content\\\/uploads\\\/2025\\\/07\\\/HP_Kranfahrer.jpeg\",\"contentUrl\":\"https:\\\/\\\/www.hogo.cc\\\/wp-content\\\/uploads\\\/2025\\\/07\\\/HP_Kranfahrer.jpeg\",\"width\":1100,\"height\":830},{\"@type\":\"BreadcrumbList\",\"@id\":\"https:\\\/\\\/www.hogo.cc\\\/job\\\/2026-09\\\/mobilkranfahrerin-2326-lanzendorf#breadcrumb\",\"itemListElement\":[{\"@type\":\"ListItem\",\"position\":1,\"name\":\"Startseite\",\"item\":\"https:\\\/\\\/www.hogo.cc\\\/\"},{\"@type\":\"ListItem\",\"position\":2,\"name\":\"Mobilkranfahrer:in | 2326 Lanzendorf\"}]},{\"@type\":\"WebSite\",\"@id\":\"https:\\\/\\\/www.hogo.cc\\\/#website\",\"url\":\"https:\\\/\\\/www.hogo.cc\\\/\",\"name\":\"HOGO\",\"description\":\"Human Resource Management - Voll am Punkt.\",\"publisher\":{\"@id\":\"https:\\\/\\\/www.hogo.cc\\\/#organization\"},\"potentialAction\":[{\"@type\":\"SearchAction\",\"target\":{\"@type\":\"EntryPoint\",\"urlTemplate\":\"https:\\\/\\\/www.hogo.cc\\\/?s={search_term_string}\"},\"query-input\":{\"@type\":\"PropertyValueSpecification\",\"valueRequired\":true,\"valueName\":\"search_term_string\"}}],\"inLanguage\":\"hu\"},{\"@type\":\"Organization\",\"@id\":\"https:\\\/\\\/www.hogo.cc\\\/#organization\",\"name\":\"Hogo\",\"url\":\"https:\\\/\\\/www.hogo.cc\\\/\",\"logo\":{\"@type\":\"ImageObject\",\"inLanguage\":\"hu\",\"@id\":\"https:\\\/\\\/www.hogo.cc\\\/#\\\/schema\\\/logo\\\/image\\\/\",\"url\":\"https:\\\/\\\/www.hogo.cc\\\/wp-content\\\/uploads\\\/2024\\\/11\\\/logo.svg\",\"contentUrl\":\"https:\\\/\\\/www.hogo.cc\\\/wp-content\\\/uploads\\\/2024\\\/11\\\/logo.svg\",\"width\":133,\"height\":92,\"caption\":\"Hogo\"},\"image\":{\"@id\":\"https:\\\/\\\/www.hogo.cc\\\/#\\\/schema\\\/logo\\\/image\\\/\"},\"sameAs\":[\"https:\\\/\\\/www.facebook.com\\\/hogogruppe\"]},{\"@type\":\"Person\",\"@id\":\"https:\\\/\\\/www.hogo.cc\\\/#\\\/schema\\\/person\\\/e61f90d7adf8d313535b94c144b3b651\",\"name\":\"admin\",\"image\":{\"@type\":\"ImageObject\",\"inLanguage\":\"hu\",\"@id\":\"https:\\\/\\\/secure.gravatar.com\\\/avatar\\\/1fc0cdb5523d7a04f7581d3df4a8db4fbf6416b5f29a6424af788ca06ca07e04?s=96&d=mm&r=g\",\"url\":\"https:\\\/\\\/secure.gravatar.com\\\/avatar\\\/1fc0cdb5523d7a04f7581d3df4a8db4fbf6416b5f29a6424af788ca06ca07e04?s=96&d=mm&r=g\",\"contentUrl\":\"https:\\\/\\\/secure.gravatar.com\\\/avatar\\\/1fc0cdb5523d7a04f7581d3df4a8db4fbf6416b5f29a6424af788ca06ca07e04?s=96&d=mm&r=g\",\"caption\":\"admin\"},\"sameAs\":[\"http:\\\/\\\/localhost\"],\"url\":\"https:\\\/\\\/www.hogo.cc\\\/hu\\\/author\\\/admin\"}]}<\/script>\n<!-- \/ Yoast SEO Premium plugin. -->","yoast_head_json":{"title":"Mobildaru-kezel\u0151 | 2326 Lanzendorf | HOGO Jobs","robots":{"index":"index","follow":"follow","max-snippet":"max-snippet:-1","max-image-preview":"max-image-preview:large","max-video-preview":"max-video-preview:-1"},"canonical":"https:\/\/www.hogo.cc\/hu\/munka\/2026-09\/mobildaru-kezelo-2326-lanzendorf\/","og_locale":"hu_HU","og_type":"article","og_title":"Mobilkranfahrer:in | 2326 Lanzendorf","og_description":"Mobilkranfahrer:in | 2326 Lanzendorf F\u00fcr einen renommierten Baubetrieb in\u00a02326 Lanzendorf\u00a0suchen wir eine engagierte und zuverl\u00e4ssige Pers\u00f6nlichkeit als\u00a0Mobilkranfahrer:in. Deine Aufgaben Selbstst\u00e4ndiges F\u00fchren und Bedienen von firmeneigenen Mobilkr\u00e4nen bis zu 650 Tonnen auf Baustellen Tagestouren haupts\u00e4chlich in Nieder\u00f6sterreich bis Ost\u00f6sterreich Sicheres auf- und abbauen des Krans am Einsatzort Fachgerechtes Anheben und Versetzen von Lasten unter Einhaltung aller [&hellip;]","og_url":"https:\/\/www.hogo.cc\/hu\/munka\/2026-09\/mobildaru-kezelo-2326-lanzendorf\/","og_site_name":"HOGO Jobs","article_publisher":"https:\/\/www.facebook.com\/hogogruppe","article_published_time":"2026-09-03T11:04:55+00:00","article_modified_time":"2026-09-03T11:05:01+00:00","og_image":[{"width":1100,"height":830,"url":"http:\/\/www.hogo.cc\/wp-content\/uploads\/2025\/07\/HP_Kranfahrer.jpeg","type":"image\/jpeg"}],"author":"admin","twitter_card":"summary_large_image","twitter_misc":{"Szerz\u0151:":"admin","Becs\u00fclt olvas\u00e1si id\u0151":"2 perc"},"schema":{"@context":"https:\/\/schema.org","@graph":[{"@type":"Article","@id":"https:\/\/www.hogo.cc\/job\/2026-09\/mobilkranfahrerin-2326-lanzendorf#article","isPartOf":{"@id":"https:\/\/www.hogo.cc\/job\/2026-09\/mobilkranfahrerin-2326-lanzendorf"},"author":{"name":"admin","@id":"https:\/\/www.hogo.cc\/#\/schema\/person\/e61f90d7adf8d313535b94c144b3b651"},"headline":"Mobilkranfahrer:in | 2326 Lanzendorf","datePublished":"2026-09-03T11:04:55+00:00","dateModified":"2026-09-03T11:05:01+00:00","mainEntityOfPage":{"@id":"https:\/\/www.hogo.cc\/job\/2026-09\/mobilkranfahrerin-2326-lanzendorf"},"wordCount":186,"publisher":{"@id":"https:\/\/www.hogo.cc\/#organization"},"image":{"@id":"https:\/\/www.hogo.cc\/job\/2026-09\/mobilkranfahrerin-2326-lanzendorf#primaryimage"},"thumbnailUrl":"https:\/\/www.hogo.cc\/wp-content\/uploads\/2025\/07\/HP_Kranfahrer.jpeg","articleSection":["Job"],"inLanguage":"hu"},{"@type":"WebPage","@id":"https:\/\/www.hogo.cc\/job\/2026-09\/mobilkranfahrerin-2326-lanzendorf","url":"https:\/\/www.hogo.cc\/job\/2026-09\/mobilkranfahrerin-2326-lanzendorf","name":"Mobildaru-kezel\u0151 | 2326 Lanzendorf | HOGO Jobs","isPartOf":{"@id":"https:\/\/www.hogo.cc\/#website"},"primaryImageOfPage":{"@id":"https:\/\/www.hogo.cc\/job\/2026-09\/mobilkranfahrerin-2326-lanzendorf#primaryimage"},"image":{"@id":"https:\/\/www.hogo.cc\/job\/2026-09\/mobilkranfahrerin-2326-lanzendorf#primaryimage"},"thumbnailUrl":"https:\/\/www.hogo.cc\/wp-content\/uploads\/2025\/07\/HP_Kranfahrer.jpeg","datePublished":"2026-09-03T11:04:55+00:00","dateModified":"2026-09-03T11:05:01+00:00","breadcrumb":{"@id":"https:\/\/www.hogo.cc\/job\/2026-09\/mobilkranfahrerin-2326-lanzendorf#breadcrumb"},"inLanguage":"hu","potentialAction":[{"@type":"ReadAction","target":["https:\/\/www.hogo.cc\/job\/2026-09\/mobilkranfahrerin-2326-lanzendorf"]}]},{"@type":"ImageObject","inLanguage":"hu","@id":"https:\/\/www.hogo.cc\/job\/2026-09\/mobilkranfahrerin-2326-lanzendorf#primaryimage","url":"https:\/\/www.hogo.cc\/wp-content\/uploads\/2025\/07\/HP_Kranfahrer.jpeg","contentUrl":"https:\/\/www.hogo.cc\/wp-content\/uploads\/2025\/07\/HP_Kranfahrer.jpeg","width":1100,"height":830},{"@type":"BreadcrumbList","@id":"https:\/\/www.hogo.cc\/job\/2026-09\/mobilkranfahrerin-2326-lanzendorf#breadcrumb","itemListElement":[{"@type":"ListItem","position":1,"name":"Startseite","item":"https:\/\/www.hogo.cc\/"},{"@type":"ListItem","position":2,"name":"Mobilkranfahrer:in | 2326 Lanzendorf"}]},{"@type":"WebSite","@id":"https:\/\/www.hogo.cc\/#website","url":"https:\/\/www.hogo.cc\/","name":"HOGO","description":"Emberi er\u0151forr\u00e1s menedzsment - a l\u00e9nyegre t\u00e9rve.","publisher":{"@id":"https:\/\/www.hogo.cc\/#organization"},"potentialAction":[{"@type":"SearchAction","target":{"@type":"EntryPoint","urlTemplate":"https:\/\/www.hogo.cc\/?s={search_term_string}"},"query-input":{"@type":"PropertyValueSpecification","valueRequired":true,"valueName":"search_term_string"}}],"inLanguage":"hu"},{"@type":"Organization","@id":"https:\/\/www.hogo.cc\/#organization","name":"Hogo","url":"https:\/\/www.hogo.cc\/","logo":{"@type":"ImageObject","inLanguage":"hu","@id":"https:\/\/www.hogo.cc\/#\/schema\/logo\/image\/","url":"https:\/\/www.hogo.cc\/wp-content\/uploads\/2024\/11\/logo.svg","contentUrl":"https:\/\/www.hogo.cc\/wp-content\/uploads\/2024\/11\/logo.svg","width":133,"height":92,"caption":"Hogo"},"image":{"@id":"https:\/\/www.hogo.cc\/#\/schema\/logo\/image\/"},"sameAs":["https:\/\/www.facebook.com\/hogogruppe"]},{"@type":"Person","@id":"https:\/\/www.hogo.cc\/#\/schema\/person\/e61f90d7adf8d313535b94c144b3b651","name":"admin","image":{"@type":"ImageObject","inLanguage":"hu","@id":"https:\/\/secure.gravatar.com\/avatar\/1fc0cdb5523d7a04f7581d3df4a8db4fbf6416b5f29a6424af788ca06ca07e04?s=96&d=mm&r=g","url":"https:\/\/secure.gravatar.com\/avatar\/1fc0cdb5523d7a04f7581d3df4a8db4fbf6416b5f29a6424af788ca06ca07e04?s=96&d=mm&r=g","contentUrl":"https:\/\/secure.gravatar.com\/avatar\/1fc0cdb5523d7a04f7581d3df4a8db4fbf6416b5f29a6424af788ca06ca07e04?s=96&d=mm&r=g","caption":"admin"},"sameAs":["http:\/\/localhost"],"url":"https:\/\/www.hogo.cc\/hu\/author\/admin"}]}},"_links":{"self":[{"href":"https:\/\/www.hogo.cc\/hu\/wp-json\/wp\/v2\/posts\/15735","targetHints":{"allow":["GET"]}}],"collection":[{"href":"https:\/\/www.hogo.cc\/hu\/wp-json\/wp\/v2\/posts"}],"about":[{"href":"https:\/\/www.hogo.cc\/hu\/wp-json\/wp\/v2\/types\/post"}],"author":[{"embeddable":true,"href":"https:\/\/www.hogo.cc\/hu\/wp-json\/wp\/v2\/users\/1"}],"replies":[{"embeddable":true,"href":"https:\/\/www.hogo.cc\/hu\/wp-json\/wp\/v2\/comments?post=15735"}],"version-history":[{"count":7,"href":"https:\/\/www.hogo.cc\/hu\/wp-json\/wp\/v2\/posts\/15735\/revisions"}],"predecessor-version":[{"id":15742,"href":"https:\/\/www.hogo.cc\/hu\/wp-json\/wp\/v2\/posts\/15735\/revisions\/15742"}],"wp:featuredmedia":[{"embeddable":true,"href":"https:\/\/www.hogo.cc\/hu\/wp-json\/wp\/v2\/media\/8168"}],"wp:attachment":[{"href":"https:\/\/www.hogo.cc\/hu\/wp-json\/wp\/v2\/media?parent=15735"}],"wp:term":[{"taxonomy":"category","embeddable":true,"href":"https:\/\/www.hogo.cc\/hu\/wp-json\/wp\/v2\/categories?post=15735"},{"taxonomy":"post_tag","embeddable":true,"href":"https:\/\/www.hogo.cc\/hu\/wp-json\/wp\/v2\/tags?post=15735"},{"taxonomy":"country","embeddable":true,"href":"https:\/\/www.hogo.cc\/hu\/wp-json\/wp\/v2\/country?post=15735"},{"taxonomy":"state","embeddable":true,"href":"https:\/\/www.hogo.cc\/hu\/wp-json\/wp\/v2\/state?post=15735"},{"taxonomy":"profession_field","embeddable":true,"href":"https:\/\/www.hogo.cc\/hu\/wp-json\/wp\/v2\/profession_field?post=15735"},{"taxonomy":"employment_type","embeddable":true,"href":"https:\/\/www.hogo.cc\/hu\/wp-json\/wp\/v2\/employment_type?post=15735"},{"taxonomy":"contact_person","embeddable":true,"href":"https:\/\/www.hogo.cc\/hu\/wp-json\/wp\/v2\/contact_person?post=15735"}],"curies":[{"name":"wp","href":"https:\/\/api.w.org\/{rel}","templated":true}]}}